{"id":2018,"date":"2020-01-13T08:47:41","date_gmt":"2020-01-13T06:47:41","guid":{"rendered":"https:\/\/solaforce.local\/?p=2018"},"modified":"2020-01-13T08:47:41","modified_gmt":"2020-01-13T06:47:41","slug":"solaforce-hr-executive-2020-tapahtumassa-kattilahallissa","status":"publish","type":"post","link":"https:\/\/www.solaforce.com\/fi\/solaforce-hr-executive-2020-tapahtumassa-kattilahallissa\/","title":{"rendered":"Solaforce HR Executive 2020 -tapahtumassa Kattilahallissa"},"content":{"rendered":"<p><strong>Tammikuussa olemme mukana HR-tapahtumassa Kattilahallissa.<\/strong><\/p>\n<p>Tapahtuma j\u00e4rjestet\u00e4\u00e4n 30.1.2020 Helsingiss\u00e4. Tule moikkaamaan meit\u00e4 st\u00e4ndillemme ja juttelemaan HR:n uusista tuulista HR-j\u00e4rjestelmiin liittyen. #hrexenordic<\/p>\n","protected":false},"excerpt":{"rendered":"<p><strong>Tammikuussa olemme mukana HR-tapahtumassa Kattilahallissa.<\/strong><\/p>\n<p>Tapahtuma j\u00e4rjestet\u00e4\u00e4n 30.1.2020 Helsingiss\u00e4. Tule moikkaamaan meit\u00e4 st\u00e4ndillemme ja juttelemaan HR:n uusista tuulista HR-j\u00e4rjestelmiin liittyen. #hrexenordic<\/p>\n","protected":false},"author":3,"featured_media":2019,"comment_status":"closed","ping_status":"closed","sticky":false,"template":"","format":"standard","meta":{"_acf_changed":false,"footnotes":""},"categories":[7],"tags":[],"class_list":["post-2018","post","type-post","status-publish","format-standard","has-post-thumbnail","hentry","category-uncategorized-fi"],"acf":[],"yoast_head":"<!-- This site is optimized with the Yoast SEO plugin v26.8 - https:\/\/yoast.com\/product\/yoast-seo-wordpress\/ -->\n<title>Solaforce HR Executive 2020 -tapahtumassa Kattilahallissa<\/title>\n<meta name=\"description\" content=\"Tammikuussa olemme mukana HR-tapahtumassa Kattilahallissa. Tapahtuma j\u00e4rjestet\u00e4\u00e4n 30.1.2020 Helsingiss\u00e4. Tule moikkaamaan meit\u00e4 st\u00e4ndillemme ja\" \/>\n<meta name=\"robots\" content=\"index, follow, max-snippet:-1, max-image-preview:large, max-video-preview:-1\" \/>\n<link rel=\"canonical\" href=\"https:\/\/www.solaforce.com\/fi\/solaforce-hr-executive-2020-tapahtumassa-kattilahallissa\/\" \/>\n<meta name=\"twitter:label1\" content=\"Kirjoittanut\" \/>\n\t<meta name=\"twitter:data1\" content=\"Henna\" \/>\n<script type=\"application\/ld+json\" class=\"yoast-schema-graph\">{\"@context\":\"https:\/\/schema.org\",\"@graph\":[{\"@type\":\"Article\",\"@id\":\"https:\/\/www.solaforce.com\/fi\/solaforce-hr-executive-2020-tapahtumassa-kattilahallissa\/#article\",\"isPartOf\":{\"@id\":\"https:\/\/www.solaforce.com\/fi\/solaforce-hr-executive-2020-tapahtumassa-kattilahallissa\/\"},\"author\":{\"name\":\"Henna\",\"@id\":\"https:\/\/www.solaforce.com\/#\/schema\/person\/ab1460ac38d08988b899de69ae6d7c82\"},\"headline\":\"Solaforce HR Executive 2020 -tapahtumassa Kattilahallissa\",\"datePublished\":\"2020-01-13T06:47:41+00:00\",\"mainEntityOfPage\":{\"@id\":\"https:\/\/www.solaforce.com\/fi\/solaforce-hr-executive-2020-tapahtumassa-kattilahallissa\/\"},\"wordCount\":30,\"publisher\":{\"@id\":\"https:\/\/www.solaforce.com\/#organization\"},\"image\":{\"@id\":\"https:\/\/www.solaforce.com\/fi\/solaforce-hr-executive-2020-tapahtumassa-kattilahallissa\/#primaryimage\"},\"thumbnailUrl\":\"https:\/\/www.solaforce.com\/wp-content\/uploads\/2020\/01\/HRexecutiveNordic_kuva.jpg\",\"articleSection\":[\"Uncategorized @fi\"],\"inLanguage\":\"fi\"},{\"@type\":\"WebPage\",\"@id\":\"https:\/\/www.solaforce.com\/fi\/solaforce-hr-executive-2020-tapahtumassa-kattilahallissa\/\",\"url\":\"https:\/\/www.solaforce.com\/fi\/solaforce-hr-executive-2020-tapahtumassa-kattilahallissa\/\",\"name\":\"Solaforce HR Executive 2020 -tapahtumassa Kattilahallissa\",\"isPartOf\":{\"@id\":\"https:\/\/www.solaforce.com\/#website\"},\"primaryImageOfPage\":{\"@id\":\"https:\/\/www.solaforce.com\/fi\/solaforce-hr-executive-2020-tapahtumassa-kattilahallissa\/#primaryimage\"},\"image\":{\"@id\":\"https:\/\/www.solaforce.com\/fi\/solaforce-hr-executive-2020-tapahtumassa-kattilahallissa\/#primaryimage\"},\"thumbnailUrl\":\"https:\/\/www.solaforce.com\/wp-content\/uploads\/2020\/01\/HRexecutiveNordic_kuva.jpg\",\"datePublished\":\"2020-01-13T06:47:41+00:00\",\"description\":\"Tammikuussa olemme mukana HR-tapahtumassa Kattilahallissa. Tapahtuma j\u00e4rjestet\u00e4\u00e4n 30.1.2020 Helsingiss\u00e4. Tule moikkaamaan meit\u00e4 st\u00e4ndillemme ja\",\"inLanguage\":\"fi\",\"potentialAction\":[{\"@type\":\"ReadAction\",\"target\":[\"https:\/\/www.solaforce.com\/fi\/solaforce-hr-executive-2020-tapahtumassa-kattilahallissa\/\"]}]},{\"@type\":\"ImageObject\",\"inLanguage\":\"fi\",\"@id\":\"https:\/\/www.solaforce.com\/fi\/solaforce-hr-executive-2020-tapahtumassa-kattilahallissa\/#primaryimage\",\"url\":\"https:\/\/www.solaforce.com\/wp-content\/uploads\/2020\/01\/HRexecutiveNordic_kuva.jpg\",\"contentUrl\":\"https:\/\/www.solaforce.com\/wp-content\/uploads\/2020\/01\/HRexecutiveNordic_kuva.jpg\",\"width\":750,\"height\":287},{\"@type\":\"WebSite\",\"@id\":\"https:\/\/www.solaforce.com\/#website\",\"url\":\"https:\/\/www.solaforce.com\/\",\"name\":\"Solaforce\",\"description\":\"Solaforce HR-j\u00e4rjestelm\u00e4 uuden sukupolven pilvipalveluna\",\"publisher\":{\"@id\":\"https:\/\/www.solaforce.com\/#organization\"},\"potentialAction\":[{\"@type\":\"SearchAction\",\"target\":{\"@type\":\"EntryPoint\",\"urlTemplate\":\"https:\/\/www.solaforce.com\/?s={search_term_string}\"},\"query-input\":{\"@type\":\"PropertyValueSpecification\",\"valueRequired\":true,\"valueName\":\"search_term_string\"}}],\"inLanguage\":\"fi\"},{\"@type\":\"Organization\",\"@id\":\"https:\/\/www.solaforce.com\/#organization\",\"name\":\"Solaforce Oy\",\"url\":\"https:\/\/www.solaforce.com\/\",\"logo\":{\"@type\":\"ImageObject\",\"inLanguage\":\"fi\",\"@id\":\"https:\/\/www.solaforce.com\/#\/schema\/logo\/image\/\",\"url\":\"http:\/\/www.solaforce.com\/wp-content\/uploads\/2016\/01\/Solaforce_logo.png\",\"contentUrl\":\"http:\/\/www.solaforce.com\/wp-content\/uploads\/2016\/01\/Solaforce_logo.png\",\"width\":509,\"height\":126,\"caption\":\"Solaforce Oy\"},\"image\":{\"@id\":\"https:\/\/www.solaforce.com\/#\/schema\/logo\/image\/\"},\"sameAs\":[\"https:\/\/www.facebook.com\/Solaforce-HCM-1101730939840740\/\",\"https:\/\/x.com\/SolaforceHCM\",\"https:\/\/www.linkedin.com\/company\/3742682\/\"]},{\"@type\":\"Person\",\"@id\":\"https:\/\/www.solaforce.com\/#\/schema\/person\/ab1460ac38d08988b899de69ae6d7c82\",\"name\":\"Henna\",\"url\":\"https:\/\/www.solaforce.com\/fi\/author\/henna\/\"}]}<\/script>\n<!-- \/ Yoast SEO plugin. -->","yoast_head_json":{"title":"Solaforce HR Executive 2020 -tapahtumassa Kattilahallissa","description":"Tammikuussa olemme mukana HR-tapahtumassa Kattilahallissa. Tapahtuma j\u00e4rjestet\u00e4\u00e4n 30.1.2020 Helsingiss\u00e4. Tule moikkaamaan meit\u00e4 st\u00e4ndillemme ja","robots":{"index":"index","follow":"follow","max-snippet":"max-snippet:-1","max-image-preview":"max-image-preview:large","max-video-preview":"max-video-preview:-1"},"canonical":"https:\/\/www.solaforce.com\/fi\/solaforce-hr-executive-2020-tapahtumassa-kattilahallissa\/","twitter_misc":{"Kirjoittanut":"Henna"},"schema":{"@context":"https:\/\/schema.org","@graph":[{"@type":"Article","@id":"https:\/\/www.solaforce.com\/fi\/solaforce-hr-executive-2020-tapahtumassa-kattilahallissa\/#article","isPartOf":{"@id":"https:\/\/www.solaforce.com\/fi\/solaforce-hr-executive-2020-tapahtumassa-kattilahallissa\/"},"author":{"name":"Henna","@id":"https:\/\/www.solaforce.com\/#\/schema\/person\/ab1460ac38d08988b899de69ae6d7c82"},"headline":"Solaforce HR Executive 2020 -tapahtumassa Kattilahallissa","datePublished":"2020-01-13T06:47:41+00:00","mainEntityOfPage":{"@id":"https:\/\/www.solaforce.com\/fi\/solaforce-hr-executive-2020-tapahtumassa-kattilahallissa\/"},"wordCount":30,"publisher":{"@id":"https:\/\/www.solaforce.com\/#organization"},"image":{"@id":"https:\/\/www.solaforce.com\/fi\/solaforce-hr-executive-2020-tapahtumassa-kattilahallissa\/#primaryimage"},"thumbnailUrl":"https:\/\/www.solaforce.com\/wp-content\/uploads\/2020\/01\/HRexecutiveNordic_kuva.jpg","articleSection":["Uncategorized @fi"],"inLanguage":"fi"},{"@type":"WebPage","@id":"https:\/\/www.solaforce.com\/fi\/solaforce-hr-executive-2020-tapahtumassa-kattilahallissa\/","url":"https:\/\/www.solaforce.com\/fi\/solaforce-hr-executive-2020-tapahtumassa-kattilahallissa\/","name":"Solaforce HR Executive 2020 -tapahtumassa Kattilahallissa","isPartOf":{"@id":"https:\/\/www.solaforce.com\/#website"},"primaryImageOfPage":{"@id":"https:\/\/www.solaforce.com\/fi\/solaforce-hr-executive-2020-tapahtumassa-kattilahallissa\/#primaryimage"},"image":{"@id":"https:\/\/www.solaforce.com\/fi\/solaforce-hr-executive-2020-tapahtumassa-kattilahallissa\/#primaryimage"},"thumbnailUrl":"https:\/\/www.solaforce.com\/wp-content\/uploads\/2020\/01\/HRexecutiveNordic_kuva.jpg","datePublished":"2020-01-13T06:47:41+00:00","description":"Tammikuussa olemme mukana HR-tapahtumassa Kattilahallissa. Tapahtuma j\u00e4rjestet\u00e4\u00e4n 30.1.2020 Helsingiss\u00e4. Tule moikkaamaan meit\u00e4 st\u00e4ndillemme ja","inLanguage":"fi","potentialAction":[{"@type":"ReadAction","target":["https:\/\/www.solaforce.com\/fi\/solaforce-hr-executive-2020-tapahtumassa-kattilahallissa\/"]}]},{"@type":"ImageObject","inLanguage":"fi","@id":"https:\/\/www.solaforce.com\/fi\/solaforce-hr-executive-2020-tapahtumassa-kattilahallissa\/#primaryimage","url":"https:\/\/www.solaforce.com\/wp-content\/uploads\/2020\/01\/HRexecutiveNordic_kuva.jpg","contentUrl":"https:\/\/www.solaforce.com\/wp-content\/uploads\/2020\/01\/HRexecutiveNordic_kuva.jpg","width":750,"height":287},{"@type":"WebSite","@id":"https:\/\/www.solaforce.com\/#website","url":"https:\/\/www.solaforce.com\/","name":"Solaforce","description":"Solaforce HR-j\u00e4rjestelm\u00e4 uuden sukupolven pilvipalveluna","publisher":{"@id":"https:\/\/www.solaforce.com\/#organization"},"potentialAction":[{"@type":"SearchAction","target":{"@type":"EntryPoint","urlTemplate":"https:\/\/www.solaforce.com\/?s={search_term_string}"},"query-input":{"@type":"PropertyValueSpecification","valueRequired":true,"valueName":"search_term_string"}}],"inLanguage":"fi"},{"@type":"Organization","@id":"https:\/\/www.solaforce.com\/#organization","name":"Solaforce Oy","url":"https:\/\/www.solaforce.com\/","logo":{"@type":"ImageObject","inLanguage":"fi","@id":"https:\/\/www.solaforce.com\/#\/schema\/logo\/image\/","url":"http:\/\/www.solaforce.com\/wp-content\/uploads\/2016\/01\/Solaforce_logo.png","contentUrl":"http:\/\/www.solaforce.com\/wp-content\/uploads\/2016\/01\/Solaforce_logo.png","width":509,"height":126,"caption":"Solaforce Oy"},"image":{"@id":"https:\/\/www.solaforce.com\/#\/schema\/logo\/image\/"},"sameAs":["https:\/\/www.facebook.com\/Solaforce-HCM-1101730939840740\/","https:\/\/x.com\/SolaforceHCM","https:\/\/www.linkedin.com\/company\/3742682\/"]},{"@type":"Person","@id":"https:\/\/www.solaforce.com\/#\/schema\/person\/ab1460ac38d08988b899de69ae6d7c82","name":"Henna","url":"https:\/\/www.solaforce.com\/fi\/author\/henna\/"}]}},"_links":{"self":[{"href":"https:\/\/www.solaforce.com\/fi\/wp-json\/wp\/v2\/posts\/2018","targetHints":{"allow":["GET"]}}],"collection":[{"href":"https:\/\/www.solaforce.com\/fi\/wp-json\/wp\/v2\/posts"}],"about":[{"href":"https:\/\/www.solaforce.com\/fi\/wp-json\/wp\/v2\/types\/post"}],"author":[{"embeddable":true,"href":"https:\/\/www.solaforce.com\/fi\/wp-json\/wp\/v2\/users\/3"}],"replies":[{"embeddable":true,"href":"https:\/\/www.solaforce.com\/fi\/wp-json\/wp\/v2\/comments?post=2018"}],"version-history":[{"count":0,"href":"https:\/\/www.solaforce.com\/fi\/wp-json\/wp\/v2\/posts\/2018\/revisions"}],"wp:featuredmedia":[{"embeddable":true,"href":"https:\/\/www.solaforce.com\/fi\/wp-json\/wp\/v2\/media\/2019"}],"wp:attachment":[{"href":"https:\/\/www.solaforce.com\/fi\/wp-json\/wp\/v2\/media?parent=2018"}],"wp:term":[{"taxonomy":"category","embeddable":true,"href":"https:\/\/www.solaforce.com\/fi\/wp-json\/wp\/v2\/categories?post=2018"},{"taxonomy":"post_tag","embeddable":true,"href":"https:\/\/www.solaforce.com\/fi\/wp-json\/wp\/v2\/tags?post=2018"}],"curies":[{"name":"wp","href":"https:\/\/api.w.org\/{rel}","templated":true}]}}