{"id":2125,"date":"2022-03-29T10:06:30","date_gmt":"2022-03-29T07:06:30","guid":{"rendered":"https:\/\/solaforce.local\/?p=2125"},"modified":"2022-03-29T10:06:30","modified_gmt":"2022-03-29T07:06:30","slug":"solaforce-mukana-hrx-2022-tapahtumassa","status":"publish","type":"post","link":"https:\/\/www.solaforce.com\/fi\/solaforce-mukana-hrx-2022-tapahtumassa\/","title":{"rendered":"Solaforce mukana HRx 2022 -tapahtumassa"},"content":{"rendered":"<p>Solaforce on mukana t\u00e4m\u00e4nkin vuoden HRx -tapahtumassa. Tapahtuman teemana on ty\u00f6n uudet tuulet, joka on Solaforcen modernin HR-j\u00e4rjestelm\u00e4n kanssa t\u00e4ydellisesti yhteensopiva. Tule juttelemaan kanssamme kuinka Solaforcen HR-j\u00e4rjestelm\u00e4n avulla pystyt\u00e4\u00e4n tuomaan uusia tuulia juuri teid\u00e4n organisaationne! L\u00e4mpim\u00e4sti tervetuloa st\u00e4ndillemme!<\/p>\n<p>Tapahtuman kuvaus: T\u00e4n\u00e4 kev\u00e4\u00e4n\u00e4 on luvassa entist\u00e4 uljaampi ja vaikuttavampi HRx! On aika k\u00e4\u00e4nt\u00e4\u00e4 katse eteenp\u00e4in. Tapahtuman teemana on ty\u00f6n uudet tuulet. Mit\u00e4 poikkeuksellinen aika on opettanut organisaatioille ja mik\u00e4 on n\u00e4kym\u00e4 tulevaisuuteen? Miten varmistaa yhteis\u00f6llisyys, vuorovaikutus ja ty\u00f6hyvinvointi nopeasti muuttuvassa liiketoimintaymp\u00e4rist\u00f6ss\u00e4 ja tavassa tehd\u00e4 t\u00f6it\u00e4? Tapahtumassa keskustellaan my\u00f6s muun muassa HR tiedolla johtamisesta, osaamisen kehitt\u00e4misest\u00e4 ja rekrytoinneista unohtamatta HR:n roolia liiketoiminnan strategisena tukena. Suomen johtava HR-alan tapahtuma HRx kokoaa j\u00e4lleen yhteen HR-ammattilaiset verkostoitumaan, keskustelemaan ja inspiroitumaan alan edell\u00e4k\u00e4vij\u00f6iden johdolla 30.3.2022 Helsingin Scandic Marina Congress Centeriin.<\/p>\n","protected":false},"excerpt":{"rendered":"<p>Solaforce on mukana t\u00e4m\u00e4nkin vuoden HRx -tapahtumassa. Tapahtuman teemana on ty\u00f6n uudet tuulet, joka on Solaforcen modernin HR-j\u00e4rjestelm\u00e4n kanssa t\u00e4ydellisesti yhteensopiva. Tule juttelemaan kanssamme kuinka Solaforcen HR-j\u00e4rjestelm\u00e4n avulla&#8230; <\/p>\n<p><a class=\"linkki\" href=\"https:\/\/www.solaforce.com\/fi\/solaforce-mukana-hrx-2022-tapahtumassa\/\">Lue lis\u00e4\u00e4<\/a><\/p><\/p>\n","protected":false},"author":3,"featured_media":2126,"comment_status":"closed","ping_status":"closed","sticky":false,"template":"","format":"standard","meta":{"_acf_changed":false,"footnotes":""},"categories":[7],"tags":[19,46],"class_list":["post-2125","post","type-post","status-publish","format-standard","has-post-thumbnail","hentry","category-uncategorized-fi","tag-hr-jarjestelma","tag-tyon-uudet-tuulet"],"acf":[],"yoast_head":"<!-- This site is optimized with the Yoast SEO plugin v26.8 - https:\/\/yoast.com\/product\/yoast-seo-wordpress\/ -->\n<title>Solaforce mukana HRx 2022 -tapahtumassa<\/title>\n<meta name=\"description\" content=\"Solaforce on mukana t\u00e4m\u00e4nkin vuoden HRx -tapahtumassa. Tapahtuman teemana on ty\u00f6n uudet tuulet, joka on Solaforcen modernin HR-j\u00e4rjestelm\u00e4n kanssa\" \/>\n<meta name=\"robots\" content=\"index, follow, max-snippet:-1, max-image-preview:large, max-video-preview:-1\" \/>\n<link rel=\"canonical\" href=\"https:\/\/www.solaforce.com\/fi\/solaforce-mukana-hrx-2022-tapahtumassa\/\" \/>\n<meta name=\"twitter:label1\" content=\"Kirjoittanut\" \/>\n\t<meta name=\"twitter:data1\" content=\"Henna\" \/>\n\t<meta name=\"twitter:label2\" content=\"Arvioitu lukuaika\" \/>\n\t<meta name=\"twitter:data2\" content=\"1 minute\" \/>\n<script type=\"application\/ld+json\" class=\"yoast-schema-graph\">{\"@context\":\"https:\/\/schema.org\",\"@graph\":[{\"@type\":\"Article\",\"@id\":\"https:\/\/www.solaforce.com\/fi\/solaforce-mukana-hrx-2022-tapahtumassa\/#article\",\"isPartOf\":{\"@id\":\"https:\/\/www.solaforce.com\/fi\/solaforce-mukana-hrx-2022-tapahtumassa\/\"},\"author\":{\"name\":\"Henna\",\"@id\":\"https:\/\/www.solaforce.com\/#\/schema\/person\/ab1460ac38d08988b899de69ae6d7c82\"},\"headline\":\"Solaforce mukana HRx 2022 -tapahtumassa\",\"datePublished\":\"2022-03-29T07:06:30+00:00\",\"mainEntityOfPage\":{\"@id\":\"https:\/\/www.solaforce.com\/fi\/solaforce-mukana-hrx-2022-tapahtumassa\/\"},\"wordCount\":158,\"publisher\":{\"@id\":\"https:\/\/www.solaforce.com\/#organization\"},\"image\":{\"@id\":\"https:\/\/www.solaforce.com\/fi\/solaforce-mukana-hrx-2022-tapahtumassa\/#primaryimage\"},\"thumbnailUrl\":\"https:\/\/www.solaforce.com\/wp-content\/uploads\/2022\/03\/HRx-2022_1920x1080-1024x576_iso-banneri-2022.png\",\"keywords\":[\"HR-j\u00e4rjestelm\u00e4\",\"Ty\u00f6n uudet tuulet\"],\"articleSection\":[\"Uncategorized @fi\"],\"inLanguage\":\"fi\"},{\"@type\":\"WebPage\",\"@id\":\"https:\/\/www.solaforce.com\/fi\/solaforce-mukana-hrx-2022-tapahtumassa\/\",\"url\":\"https:\/\/www.solaforce.com\/fi\/solaforce-mukana-hrx-2022-tapahtumassa\/\",\"name\":\"Solaforce mukana HRx 2022 -tapahtumassa\",\"isPartOf\":{\"@id\":\"https:\/\/www.solaforce.com\/#website\"},\"primaryImageOfPage\":{\"@id\":\"https:\/\/www.solaforce.com\/fi\/solaforce-mukana-hrx-2022-tapahtumassa\/#primaryimage\"},\"image\":{\"@id\":\"https:\/\/www.solaforce.com\/fi\/solaforce-mukana-hrx-2022-tapahtumassa\/#primaryimage\"},\"thumbnailUrl\":\"https:\/\/www.solaforce.com\/wp-content\/uploads\/2022\/03\/HRx-2022_1920x1080-1024x576_iso-banneri-2022.png\",\"datePublished\":\"2022-03-29T07:06:30+00:00\",\"description\":\"Solaforce on mukana t\u00e4m\u00e4nkin vuoden HRx -tapahtumassa. Tapahtuman teemana on ty\u00f6n uudet tuulet, joka on Solaforcen modernin HR-j\u00e4rjestelm\u00e4n kanssa\",\"inLanguage\":\"fi\",\"potentialAction\":[{\"@type\":\"ReadAction\",\"target\":[\"https:\/\/www.solaforce.com\/fi\/solaforce-mukana-hrx-2022-tapahtumassa\/\"]}]},{\"@type\":\"ImageObject\",\"inLanguage\":\"fi\",\"@id\":\"https:\/\/www.solaforce.com\/fi\/solaforce-mukana-hrx-2022-tapahtumassa\/#primaryimage\",\"url\":\"https:\/\/www.solaforce.com\/wp-content\/uploads\/2022\/03\/HRx-2022_1920x1080-1024x576_iso-banneri-2022.png\",\"contentUrl\":\"https:\/\/www.solaforce.com\/wp-content\/uploads\/2022\/03\/HRx-2022_1920x1080-1024x576_iso-banneri-2022.png\",\"width\":1024,\"height\":576},{\"@type\":\"WebSite\",\"@id\":\"https:\/\/www.solaforce.com\/#website\",\"url\":\"https:\/\/www.solaforce.com\/\",\"name\":\"Solaforce\",\"description\":\"Solaforce HR-j\u00e4rjestelm\u00e4 uuden sukupolven pilvipalveluna\",\"publisher\":{\"@id\":\"https:\/\/www.solaforce.com\/#organization\"},\"potentialAction\":[{\"@type\":\"SearchAction\",\"target\":{\"@type\":\"EntryPoint\",\"urlTemplate\":\"https:\/\/www.solaforce.com\/?s={search_term_string}\"},\"query-input\":{\"@type\":\"PropertyValueSpecification\",\"valueRequired\":true,\"valueName\":\"search_term_string\"}}],\"inLanguage\":\"fi\"},{\"@type\":\"Organization\",\"@id\":\"https:\/\/www.solaforce.com\/#organization\",\"name\":\"Solaforce Oy\",\"url\":\"https:\/\/www.solaforce.com\/\",\"logo\":{\"@type\":\"ImageObject\",\"inLanguage\":\"fi\",\"@id\":\"https:\/\/www.solaforce.com\/#\/schema\/logo\/image\/\",\"url\":\"http:\/\/www.solaforce.com\/wp-content\/uploads\/2016\/01\/Solaforce_logo.png\",\"contentUrl\":\"http:\/\/www.solaforce.com\/wp-content\/uploads\/2016\/01\/Solaforce_logo.png\",\"width\":509,\"height\":126,\"caption\":\"Solaforce Oy\"},\"image\":{\"@id\":\"https:\/\/www.solaforce.com\/#\/schema\/logo\/image\/\"},\"sameAs\":[\"https:\/\/www.facebook.com\/Solaforce-HCM-1101730939840740\/\",\"https:\/\/x.com\/SolaforceHCM\",\"https:\/\/www.linkedin.com\/company\/3742682\/\"]},{\"@type\":\"Person\",\"@id\":\"https:\/\/www.solaforce.com\/#\/schema\/person\/ab1460ac38d08988b899de69ae6d7c82\",\"name\":\"Henna\",\"url\":\"https:\/\/www.solaforce.com\/fi\/author\/henna\/\"}]}<\/script>\n<!-- \/ Yoast SEO plugin. -->","yoast_head_json":{"title":"Solaforce mukana HRx 2022 -tapahtumassa","description":"Solaforce on mukana t\u00e4m\u00e4nkin vuoden HRx -tapahtumassa. Tapahtuman teemana on ty\u00f6n uudet tuulet, joka on Solaforcen modernin HR-j\u00e4rjestelm\u00e4n kanssa","robots":{"index":"index","follow":"follow","max-snippet":"max-snippet:-1","max-image-preview":"max-image-preview:large","max-video-preview":"max-video-preview:-1"},"canonical":"https:\/\/www.solaforce.com\/fi\/solaforce-mukana-hrx-2022-tapahtumassa\/","twitter_misc":{"Kirjoittanut":"Henna","Arvioitu lukuaika":"1 minute"},"schema":{"@context":"https:\/\/schema.org","@graph":[{"@type":"Article","@id":"https:\/\/www.solaforce.com\/fi\/solaforce-mukana-hrx-2022-tapahtumassa\/#article","isPartOf":{"@id":"https:\/\/www.solaforce.com\/fi\/solaforce-mukana-hrx-2022-tapahtumassa\/"},"author":{"name":"Henna","@id":"https:\/\/www.solaforce.com\/#\/schema\/person\/ab1460ac38d08988b899de69ae6d7c82"},"headline":"Solaforce mukana HRx 2022 -tapahtumassa","datePublished":"2022-03-29T07:06:30+00:00","mainEntityOfPage":{"@id":"https:\/\/www.solaforce.com\/fi\/solaforce-mukana-hrx-2022-tapahtumassa\/"},"wordCount":158,"publisher":{"@id":"https:\/\/www.solaforce.com\/#organization"},"image":{"@id":"https:\/\/www.solaforce.com\/fi\/solaforce-mukana-hrx-2022-tapahtumassa\/#primaryimage"},"thumbnailUrl":"https:\/\/www.solaforce.com\/wp-content\/uploads\/2022\/03\/HRx-2022_1920x1080-1024x576_iso-banneri-2022.png","keywords":["HR-j\u00e4rjestelm\u00e4","Ty\u00f6n uudet tuulet"],"articleSection":["Uncategorized @fi"],"inLanguage":"fi"},{"@type":"WebPage","@id":"https:\/\/www.solaforce.com\/fi\/solaforce-mukana-hrx-2022-tapahtumassa\/","url":"https:\/\/www.solaforce.com\/fi\/solaforce-mukana-hrx-2022-tapahtumassa\/","name":"Solaforce mukana HRx 2022 -tapahtumassa","isPartOf":{"@id":"https:\/\/www.solaforce.com\/#website"},"primaryImageOfPage":{"@id":"https:\/\/www.solaforce.com\/fi\/solaforce-mukana-hrx-2022-tapahtumassa\/#primaryimage"},"image":{"@id":"https:\/\/www.solaforce.com\/fi\/solaforce-mukana-hrx-2022-tapahtumassa\/#primaryimage"},"thumbnailUrl":"https:\/\/www.solaforce.com\/wp-content\/uploads\/2022\/03\/HRx-2022_1920x1080-1024x576_iso-banneri-2022.png","datePublished":"2022-03-29T07:06:30+00:00","description":"Solaforce on mukana t\u00e4m\u00e4nkin vuoden HRx -tapahtumassa. Tapahtuman teemana on ty\u00f6n uudet tuulet, joka on Solaforcen modernin HR-j\u00e4rjestelm\u00e4n kanssa","inLanguage":"fi","potentialAction":[{"@type":"ReadAction","target":["https:\/\/www.solaforce.com\/fi\/solaforce-mukana-hrx-2022-tapahtumassa\/"]}]},{"@type":"ImageObject","inLanguage":"fi","@id":"https:\/\/www.solaforce.com\/fi\/solaforce-mukana-hrx-2022-tapahtumassa\/#primaryimage","url":"https:\/\/www.solaforce.com\/wp-content\/uploads\/2022\/03\/HRx-2022_1920x1080-1024x576_iso-banneri-2022.png","contentUrl":"https:\/\/www.solaforce.com\/wp-content\/uploads\/2022\/03\/HRx-2022_1920x1080-1024x576_iso-banneri-2022.png","width":1024,"height":576},{"@type":"WebSite","@id":"https:\/\/www.solaforce.com\/#website","url":"https:\/\/www.solaforce.com\/","name":"Solaforce","description":"Solaforce HR-j\u00e4rjestelm\u00e4 uuden sukupolven pilvipalveluna","publisher":{"@id":"https:\/\/www.solaforce.com\/#organization"},"potentialAction":[{"@type":"SearchAction","target":{"@type":"EntryPoint","urlTemplate":"https:\/\/www.solaforce.com\/?s={search_term_string}"},"query-input":{"@type":"PropertyValueSpecification","valueRequired":true,"valueName":"search_term_string"}}],"inLanguage":"fi"},{"@type":"Organization","@id":"https:\/\/www.solaforce.com\/#organization","name":"Solaforce Oy","url":"https:\/\/www.solaforce.com\/","logo":{"@type":"ImageObject","inLanguage":"fi","@id":"https:\/\/www.solaforce.com\/#\/schema\/logo\/image\/","url":"http:\/\/www.solaforce.com\/wp-content\/uploads\/2016\/01\/Solaforce_logo.png","contentUrl":"http:\/\/www.solaforce.com\/wp-content\/uploads\/2016\/01\/Solaforce_logo.png","width":509,"height":126,"caption":"Solaforce Oy"},"image":{"@id":"https:\/\/www.solaforce.com\/#\/schema\/logo\/image\/"},"sameAs":["https:\/\/www.facebook.com\/Solaforce-HCM-1101730939840740\/","https:\/\/x.com\/SolaforceHCM","https:\/\/www.linkedin.com\/company\/3742682\/"]},{"@type":"Person","@id":"https:\/\/www.solaforce.com\/#\/schema\/person\/ab1460ac38d08988b899de69ae6d7c82","name":"Henna","url":"https:\/\/www.solaforce.com\/fi\/author\/henna\/"}]}},"_links":{"self":[{"href":"https:\/\/www.solaforce.com\/fi\/wp-json\/wp\/v2\/posts\/2125","targetHints":{"allow":["GET"]}}],"collection":[{"href":"https:\/\/www.solaforce.com\/fi\/wp-json\/wp\/v2\/posts"}],"about":[{"href":"https:\/\/www.solaforce.com\/fi\/wp-json\/wp\/v2\/types\/post"}],"author":[{"embeddable":true,"href":"https:\/\/www.solaforce.com\/fi\/wp-json\/wp\/v2\/users\/3"}],"replies":[{"embeddable":true,"href":"https:\/\/www.solaforce.com\/fi\/wp-json\/wp\/v2\/comments?post=2125"}],"version-history":[{"count":0,"href":"https:\/\/www.solaforce.com\/fi\/wp-json\/wp\/v2\/posts\/2125\/revisions"}],"wp:featuredmedia":[{"embeddable":true,"href":"https:\/\/www.solaforce.com\/fi\/wp-json\/wp\/v2\/media\/2126"}],"wp:attachment":[{"href":"https:\/\/www.solaforce.com\/fi\/wp-json\/wp\/v2\/media?parent=2125"}],"wp:term":[{"taxonomy":"category","embeddable":true,"href":"https:\/\/www.solaforce.com\/fi\/wp-json\/wp\/v2\/categories?post=2125"},{"taxonomy":"post_tag","embeddable":true,"href":"https:\/\/www.solaforce.com\/fi\/wp-json\/wp\/v2\/tags?post=2125"}],"curies":[{"name":"wp","href":"https:\/\/api.w.org\/{rel}","templated":true}]}}